{"id":485,"date":"2019-02-26T11:52:59","date_gmt":"2019-02-26T10:52:59","guid":{"rendered":"https:\/\/leshuitresducaphorn.com\/?p=485"},"modified":"2019-03-19T10:33:56","modified_gmt":"2019-03-19T09:33:56","slug":"les-huitres-du-cap-horn-doublement-medaillee-au-salon-international-de-lagriculture-2019","status":"publish","type":"post","link":"https:\/\/leshuitresducaphorn.com\/les-huitres-du-cap-horn-doublement-medaillee-au-salon-international-de-lagriculture-2019\/","title":{"rendered":"Les Hu\u00eetres du Cap Horn doublement m\u00e9daill\u00e9es au Salon International de l&rsquo;Agriculture 2019."},"content":{"rendered":"<p>[et_pb_section bb_built=\u00a0\u00bb1&Prime; _builder_version=\u00a0\u00bb3.19.17&Prime; custom_padding=\u00a0\u00bb0|0px|54px|0px|false|false\u00a0\u00bb][et_pb_row _builder_version=\u00a0\u00bb3.19.17&Prime; custom_padding=\u00a0\u00bb0|0px|27px|0px|false|false\u00a0\u00bb][et_pb_column type=\u00a0\u00bb2_5&Prime;][et_pb_image src=\u00a0\u00bbhttps:\/\/leshuitresducaphorn.com\/storage\/2019\/02\/medaille-huitre-cap-horn-concours-agricole-salon-international-agriculture.jpg\u00a0\u00bb _builder_version=\u00a0\u00bb3.19.17&Prime;]<\/p>\n<p>[\/et_pb_image][\/et_pb_column][et_pb_column type=\u00a0\u00bb3_5&Prime;][et_pb_text _builder_version=\u00a0\u00bb3.19.17&Prime;]<\/p>\n<p><em>Nous voici r\u00e9compens\u00e9s pour la 8\u00e8me fois\u00a0! Nous sommes fiers de voir notre production doublement m\u00e9daill\u00e9e en 2019. Ces distinctions nous encouragent dans notre travail quotidien \u00e0 vous servir des hu\u00eetres de qualit\u00e9 sup\u00e9rieure. Mais au fait, le Concours Agricole, c\u2019est quoi\u00a0? Comment \u00e7a se passe\u00a0?<\/em><\/p>\n<p><em>Le Concours g\u00e9n\u00e9ral agricole est un concours permettant de valoriser les produits et terroirs fran\u00e7ais depuis plus de 100 ans. Le Concours est encadr\u00e9 par le minist\u00e8re de l\u2019Agriculture et se d\u00e9roule chaque ann\u00e9e lors du Salon International de l\u2019Agriculture qui se tient \u00e0 Paris.<\/em><\/p>\n<p><em>Quelques jours avant le Concours, un agent de la Chambre d\u2019Agriculture passe chez le producteur pour mettre sous scell\u00e9s les \u00e9chantillons qui seront d\u00e9gust\u00e9s sur le salon.<\/em><\/p>\n<p><em>Les d\u00e9gustations sont faites \u00e0 l\u2019aveugle, de mani\u00e8re totalement anonymes afin que le jury puisse rendre un verdict le plus impartial possible. Les jur\u00e9s sont des professionnels, des repr\u00e9sentants des m\u00e9tiers de bouche et des consommateurs avertis. Les crit\u00e8res de jugement sont tr\u00e8s encadr\u00e9s et il ne suffit pas d\u2019appr\u00e9cier ou non. Pour les hu\u00eetres, sont jug\u00e9s : l\u2019aspect ext\u00e9rieur et int\u00e9rieur de la coquille, l\u2019aspect de la chair, le nez, le go\u00fbt et la longueur en bouche.<\/em><\/p>\n<p><em>Il faut \u00e9galement savoir que les m\u00e9dailles sont attribu\u00e9es en fonction des crit\u00e8res de qualit\u00e9 et non en \u00ab\u00a0podium\u00a0\u00bb. C\u2019est-\u00e0-dire que dans chaque cat\u00e9gorie, il ne suffit pas d\u2019\u00eatre 3 concurrents pour avoir les m\u00e9dailles d\u2019Or, Argent et Bronze. Il peut n\u2019y avoir aucune m\u00e9daille ou bien que du Bronze (une ou plusieurs m\u00e9dailles) si les qualit\u00e9s ne sont pas suffisantes pour pr\u00e9tendre \u00e0 une m\u00e9daille sup\u00e9rieure et inversement, il peut y avoir plusieurs m\u00e9dailles d\u2019Or si les qualit\u00e9s se valent.<\/em><\/p>\n<p><em>Concours \u00ab\u00a0de go\u00fbts et de couleurs\u00a0\u00bb par excellence, l\u2019obtention d\u2019une m\u00e9daille est toujours difficile puisqu\u2019il s\u2019agit de satisfaire le plus grand nombre parmi les jur\u00e9s.<\/em><\/p>\n<p>[\/et_pb_text][\/et_pb_column][\/et_pb_row][\/et_pb_section]<\/p>\n","protected":false},"excerpt":{"rendered":"<p>Nous voici r\u00e9compens\u00e9s pour la 8\u00e8me fois\u00a0! Nous sommes fiers de voir notre production doublement m\u00e9daill\u00e9e en 2019. Ces distinctions nous encouragent dans notre travail quotidien \u00e0 vous servir des hu\u00eetres de qualit\u00e9 sup\u00e9rieure. Mais au fait, le Concours Agricole, c\u2019est quoi\u00a0? Comment \u00e7a se passe\u00a0? Le Concours g\u00e9n\u00e9ral agricole est un concours permettant de [&hellip;]<\/p>\n","protected":false},"author":1,"featured_media":486,"comment_status":"closed","ping_status":"closed","sticky":false,"template":"","format":"standard","meta":{"_et_pb_use_builder":"on","_et_pb_old_content":"<p><em>Nous voici r\u00e9compens\u00e9s pour la 8\u00e8me fois\u00a0! Nous sommes fiers de voir notre production doublement m\u00e9daill\u00e9e en 2019. Ces distinctions nous encouragent dans notre travail quotidien \u00e0 vous servir des hu\u00eetres de qualit\u00e9 sup\u00e9rieure. Mais au fait, le Concours Agricole, c\u2019est quoi\u00a0? Comment \u00e7a se passe\u00a0?<\/em><\/p><p><em>Le Concours g\u00e9n\u00e9ral agricole est un concours permettant de valoriser les produits et terroirs fran\u00e7ais depuis plus de 100 ans. Le Concours est encadr\u00e9 par le minist\u00e8re de l\u2019Agriculture et se d\u00e9roule chaque ann\u00e9e lors du Salon International de l\u2019Agriculture qui se tient \u00e0 Paris.<\/em><\/p><p><em>Quelques jours avant le Concours, un agent de la Chambre d\u2019Agriculture passe chez le producteur pour mettre sous scell\u00e9s les \u00e9chantillons qui seront d\u00e9gust\u00e9s sur le salon.<\/em><\/p><p><em>Les d\u00e9gustations sont faites \u00e0 l\u2019aveugle, de mani\u00e8re totalement anonymes afin que le jury puisse rendre un verdict le plus impartial possible. Les jur\u00e9s sont des professionnels, des repr\u00e9sentants des m\u00e9tiers de bouche et des consommateurs avertis. Les crit\u00e8res de jugement sont tr\u00e8s encadr\u00e9s et il ne suffit pas d\u2019appr\u00e9cier ou non. Pour les hu\u00eetres, sont jug\u00e9s : l\u2019aspect ext\u00e9rieur et int\u00e9rieur de la coquille, l\u2019aspect de la chair, le nez, le go\u00fbt et la longueur en bouche.<\/em><\/p><p><em>Il faut \u00e9galement savoir que les m\u00e9dailles sont attribu\u00e9es en fonction des crit\u00e8res de qualit\u00e9 et non en \u00ab\u00a0podium\u00a0\u00bb. C\u2019est-\u00e0-dire que dans chaque cat\u00e9gorie, il ne suffit pas d\u2019\u00eatre 3 concurrents pour avoir les m\u00e9dailles d\u2019Or, Argent et Bronze. Il peut n\u2019y avoir aucune m\u00e9daille ou bien que du Bronze (une ou plusieurs m\u00e9dailles) si les qualit\u00e9s ne sont pas suffisantes pour pr\u00e9tendre \u00e0 une m\u00e9daille sup\u00e9rieure et inversement, il peut y avoir plusieurs m\u00e9dailles d\u2019Or si les qualit\u00e9s se valent.<\/em><\/p><p><em>Concours \u00ab\u00a0de go\u00fbts et de couleurs\u00a0\u00bb par excellence, l\u2019obtention d\u2019une m\u00e9daille est toujours difficile puisqu\u2019il s\u2019agit de satisfaire le plus grand nombre parmi les jur\u00e9s.<\/em><\/p>","_et_gb_content_width":"","footnotes":""},"categories":[1],"tags":[],"class_list":["post-485","post","type-post","status-publish","format-standard","has-post-thumbnail","hentry","category-non-classifiee"],"yoast_head":"<!-- This site is optimized with the Yoast SEO plugin v25.7 - https:\/\/yoast.com\/wordpress\/plugins\/seo\/ -->\n<title>Les Hu\u00eetres du Cap Horn doublement m\u00e9daill\u00e9es au Salon International de l&#039;Agriculture 2019. - Les Hu\u00eetres Du Cap Horn | Ostr\u00e9iculteur, Producteur, Exportateur d&#039;hu\u00eetres, en Vend\u00e9e<\/title>\n<meta name=\"robots\" content=\"index, follow, max-snippet:-1, max-image-preview:large, max-video-preview:-1\" \/>\n<link rel=\"canonical\" href=\"https:\/\/leshuitresducaphorn.com\/les-huitres-du-cap-horn-doublement-medaillee-au-salon-international-de-lagriculture-2019\/\" \/>\n<meta property=\"og:locale\" content=\"fr_FR\" \/>\n<meta property=\"og:type\" content=\"article\" \/>\n<meta property=\"og:title\" content=\"Les Hu\u00eetres du Cap Horn doublement m\u00e9daill\u00e9es au Salon International de l&#039;Agriculture 2019. - Les Hu\u00eetres Du Cap Horn | Ostr\u00e9iculteur, Producteur, Exportateur d&#039;hu\u00eetres, en Vend\u00e9e\" \/>\n<meta property=\"og:description\" content=\"Nous voici r\u00e9compens\u00e9s pour la 8\u00e8me fois\u00a0! Nous sommes fiers de voir notre production doublement m\u00e9daill\u00e9e en 2019. Ces distinctions nous encouragent dans notre travail quotidien \u00e0 vous servir des hu\u00eetres de qualit\u00e9 sup\u00e9rieure. Mais au fait, le Concours Agricole, c\u2019est quoi\u00a0? Comment \u00e7a se passe\u00a0? Le Concours g\u00e9n\u00e9ral agricole est un concours permettant de [&hellip;]\" \/>\n<meta property=\"og:url\" content=\"https:\/\/leshuitresducaphorn.com\/les-huitres-du-cap-horn-doublement-medaillee-au-salon-international-de-lagriculture-2019\/\" \/>\n<meta property=\"og:site_name\" content=\"Les Hu\u00eetres Du Cap Horn | Ostr\u00e9iculteur, Producteur, Exportateur d&#039;hu\u00eetres, en Vend\u00e9e\" \/>\n<meta property=\"article:published_time\" content=\"2019-02-26T10:52:59+00:00\" \/>\n<meta property=\"article:modified_time\" content=\"2019-03-19T09:33:56+00:00\" \/>\n<meta property=\"og:image\" content=\"https:\/\/leshuitresducaphorn.com\/wp-content\/uploads\/2019\/02\/medaille-huitre-cap-horn-concours-agricole-salon-international-agriculture.jpg\" \/>\n\t<meta property=\"og:image:width\" content=\"1500\" \/>\n\t<meta property=\"og:image:height\" content=\"1003\" \/>\n\t<meta property=\"og:image:type\" content=\"image\/jpeg\" \/>\n<meta name=\"author\" content=\"admin-leshuitresducaphorn\" \/>\n<meta name=\"twitter:card\" content=\"summary_large_image\" \/>\n<meta name=\"twitter:label1\" content=\"\u00c9crit par\" \/>\n\t<meta name=\"twitter:data1\" content=\"admin-leshuitresducaphorn\" \/>\n\t<meta name=\"twitter:label2\" content=\"Dur\u00e9e de lecture estim\u00e9e\" \/>\n\t<meta name=\"twitter:data2\" content=\"2 minutes\" \/>\n<script type=\"application\/ld+json\" class=\"yoast-schema-graph\">{\"@context\":\"https:\/\/schema.org\",\"@graph\":[{\"@type\":\"WebPage\",\"@id\":\"https:\/\/leshuitresducaphorn.com\/les-huitres-du-cap-horn-doublement-medaillee-au-salon-international-de-lagriculture-2019\/\",\"url\":\"https:\/\/leshuitresducaphorn.com\/les-huitres-du-cap-horn-doublement-medaillee-au-salon-international-de-lagriculture-2019\/\",\"name\":\"Les Hu\u00eetres du Cap Horn doublement m\u00e9daill\u00e9es au Salon International de l'Agriculture 2019. - Les Hu\u00eetres Du Cap Horn | Ostr\u00e9iculteur, Producteur, Exportateur d&#039;hu\u00eetres, en Vend\u00e9e\",\"isPartOf\":{\"@id\":\"https:\/\/leshuitresducaphorn.com\/#website\"},\"primaryImageOfPage\":{\"@id\":\"https:\/\/leshuitresducaphorn.com\/les-huitres-du-cap-horn-doublement-medaillee-au-salon-international-de-lagriculture-2019\/#primaryimage\"},\"image\":{\"@id\":\"https:\/\/leshuitresducaphorn.com\/les-huitres-du-cap-horn-doublement-medaillee-au-salon-international-de-lagriculture-2019\/#primaryimage\"},\"thumbnailUrl\":\"https:\/\/leshuitresducaphorn.com\/wp-content\/uploads\/2019\/02\/medaille-huitre-cap-horn-concours-agricole-salon-international-agriculture.jpg\",\"datePublished\":\"2019-02-26T10:52:59+00:00\",\"dateModified\":\"2019-03-19T09:33:56+00:00\",\"author\":{\"@id\":\"https:\/\/leshuitresducaphorn.com\/#\/schema\/person\/ff15660f0a690af9b7c7964bbed3a19b\"},\"breadcrumb\":{\"@id\":\"https:\/\/leshuitresducaphorn.com\/les-huitres-du-cap-horn-doublement-medaillee-au-salon-international-de-lagriculture-2019\/#breadcrumb\"},\"inLanguage\":\"fr-FR\",\"potentialAction\":[{\"@type\":\"ReadAction\",\"target\":[\"https:\/\/leshuitresducaphorn.com\/les-huitres-du-cap-horn-doublement-medaillee-au-salon-international-de-lagriculture-2019\/\"]}]},{\"@type\":\"ImageObject\",\"inLanguage\":\"fr-FR\",\"@id\":\"https:\/\/leshuitresducaphorn.com\/les-huitres-du-cap-horn-doublement-medaillee-au-salon-international-de-lagriculture-2019\/#primaryimage\",\"url\":\"https:\/\/leshuitresducaphorn.com\/wp-content\/uploads\/2019\/02\/medaille-huitre-cap-horn-concours-agricole-salon-international-agriculture.jpg\",\"contentUrl\":\"https:\/\/leshuitresducaphorn.com\/wp-content\/uploads\/2019\/02\/medaille-huitre-cap-horn-concours-agricole-salon-international-agriculture.jpg\",\"width\":1500,\"height\":1003,\"caption\":\"Les huitres du Cap Horn doublement m\u00e9daill\u00e9e au Salon International de l'Agriculture 2019.\"},{\"@type\":\"BreadcrumbList\",\"@id\":\"https:\/\/leshuitresducaphorn.com\/les-huitres-du-cap-horn-doublement-medaillee-au-salon-international-de-lagriculture-2019\/#breadcrumb\",\"itemListElement\":[{\"@type\":\"ListItem\",\"position\":1,\"name\":\"Accueil\",\"item\":\"https:\/\/leshuitresducaphorn.com\/\"},{\"@type\":\"ListItem\",\"position\":2,\"name\":\"Les Hu\u00eetres du Cap Horn doublement m\u00e9daill\u00e9es au Salon International de l&rsquo;Agriculture 2019.\"}]},{\"@type\":\"WebSite\",\"@id\":\"https:\/\/leshuitresducaphorn.com\/#website\",\"url\":\"https:\/\/leshuitresducaphorn.com\/\",\"name\":\"Les Hu\u00eetres Du Cap Horn | Ostr\u00e9iculteur, Producteur, Exportateur d&#039;hu\u00eetres, en Vend\u00e9e\",\"description\":\"Ostr\u00e9iculteur, Producteur, Exportateur d&#039;hu\u00eetres, en Vend\u00e9e\",\"potentialAction\":[{\"@type\":\"SearchAction\",\"target\":{\"@type\":\"EntryPoint\",\"urlTemplate\":\"https:\/\/leshuitresducaphorn.com\/?s={search_term_string}\"},\"query-input\":{\"@type\":\"PropertyValueSpecification\",\"valueRequired\":true,\"valueName\":\"search_term_string\"}}],\"inLanguage\":\"fr-FR\"},{\"@type\":\"Person\",\"@id\":\"https:\/\/leshuitresducaphorn.com\/#\/schema\/person\/ff15660f0a690af9b7c7964bbed3a19b\",\"name\":\"admin-leshuitresducaphorn\",\"url\":\"https:\/\/leshuitresducaphorn.com\/author\/admin-leshuitresducaphorn\/\"}]}<\/script>\n<!-- \/ Yoast SEO plugin. -->","yoast_head_json":{"title":"Les Hu\u00eetres du Cap Horn doublement m\u00e9daill\u00e9es au Salon International de l'Agriculture 2019. - Les Hu\u00eetres Du Cap Horn | Ostr\u00e9iculteur, Producteur, Exportateur d&#039;hu\u00eetres, en Vend\u00e9e","robots":{"index":"index","follow":"follow","max-snippet":"max-snippet:-1","max-image-preview":"max-image-preview:large","max-video-preview":"max-video-preview:-1"},"canonical":"https:\/\/leshuitresducaphorn.com\/les-huitres-du-cap-horn-doublement-medaillee-au-salon-international-de-lagriculture-2019\/","og_locale":"fr_FR","og_type":"article","og_title":"Les Hu\u00eetres du Cap Horn doublement m\u00e9daill\u00e9es au Salon International de l'Agriculture 2019. - Les Hu\u00eetres Du Cap Horn | Ostr\u00e9iculteur, Producteur, Exportateur d&#039;hu\u00eetres, en Vend\u00e9e","og_description":"Nous voici r\u00e9compens\u00e9s pour la 8\u00e8me fois\u00a0! Nous sommes fiers de voir notre production doublement m\u00e9daill\u00e9e en 2019. Ces distinctions nous encouragent dans notre travail quotidien \u00e0 vous servir des hu\u00eetres de qualit\u00e9 sup\u00e9rieure. Mais au fait, le Concours Agricole, c\u2019est quoi\u00a0? Comment \u00e7a se passe\u00a0? Le Concours g\u00e9n\u00e9ral agricole est un concours permettant de [&hellip;]","og_url":"https:\/\/leshuitresducaphorn.com\/les-huitres-du-cap-horn-doublement-medaillee-au-salon-international-de-lagriculture-2019\/","og_site_name":"Les Hu\u00eetres Du Cap Horn | Ostr\u00e9iculteur, Producteur, Exportateur d&#039;hu\u00eetres, en Vend\u00e9e","article_published_time":"2019-02-26T10:52:59+00:00","article_modified_time":"2019-03-19T09:33:56+00:00","og_image":[{"width":1500,"height":1003,"url":"https:\/\/leshuitresducaphorn.com\/wp-content\/uploads\/2019\/02\/medaille-huitre-cap-horn-concours-agricole-salon-international-agriculture.jpg","type":"image\/jpeg"}],"author":"admin-leshuitresducaphorn","twitter_card":"summary_large_image","twitter_misc":{"\u00c9crit par":"admin-leshuitresducaphorn","Dur\u00e9e de lecture estim\u00e9e":"2 minutes"},"schema":{"@context":"https:\/\/schema.org","@graph":[{"@type":"WebPage","@id":"https:\/\/leshuitresducaphorn.com\/les-huitres-du-cap-horn-doublement-medaillee-au-salon-international-de-lagriculture-2019\/","url":"https:\/\/leshuitresducaphorn.com\/les-huitres-du-cap-horn-doublement-medaillee-au-salon-international-de-lagriculture-2019\/","name":"Les Hu\u00eetres du Cap Horn doublement m\u00e9daill\u00e9es au Salon International de l'Agriculture 2019. - Les Hu\u00eetres Du Cap Horn | Ostr\u00e9iculteur, Producteur, Exportateur d&#039;hu\u00eetres, en Vend\u00e9e","isPartOf":{"@id":"https:\/\/leshuitresducaphorn.com\/#website"},"primaryImageOfPage":{"@id":"https:\/\/leshuitresducaphorn.com\/les-huitres-du-cap-horn-doublement-medaillee-au-salon-international-de-lagriculture-2019\/#primaryimage"},"image":{"@id":"https:\/\/leshuitresducaphorn.com\/les-huitres-du-cap-horn-doublement-medaillee-au-salon-international-de-lagriculture-2019\/#primaryimage"},"thumbnailUrl":"https:\/\/leshuitresducaphorn.com\/wp-content\/uploads\/2019\/02\/medaille-huitre-cap-horn-concours-agricole-salon-international-agriculture.jpg","datePublished":"2019-02-26T10:52:59+00:00","dateModified":"2019-03-19T09:33:56+00:00","author":{"@id":"https:\/\/leshuitresducaphorn.com\/#\/schema\/person\/ff15660f0a690af9b7c7964bbed3a19b"},"breadcrumb":{"@id":"https:\/\/leshuitresducaphorn.com\/les-huitres-du-cap-horn-doublement-medaillee-au-salon-international-de-lagriculture-2019\/#breadcrumb"},"inLanguage":"fr-FR","potentialAction":[{"@type":"ReadAction","target":["https:\/\/leshuitresducaphorn.com\/les-huitres-du-cap-horn-doublement-medaillee-au-salon-international-de-lagriculture-2019\/"]}]},{"@type":"ImageObject","inLanguage":"fr-FR","@id":"https:\/\/leshuitresducaphorn.com\/les-huitres-du-cap-horn-doublement-medaillee-au-salon-international-de-lagriculture-2019\/#primaryimage","url":"https:\/\/leshuitresducaphorn.com\/wp-content\/uploads\/2019\/02\/medaille-huitre-cap-horn-concours-agricole-salon-international-agriculture.jpg","contentUrl":"https:\/\/leshuitresducaphorn.com\/wp-content\/uploads\/2019\/02\/medaille-huitre-cap-horn-concours-agricole-salon-international-agriculture.jpg","width":1500,"height":1003,"caption":"Les huitres du Cap Horn doublement m\u00e9daill\u00e9e au Salon International de l'Agriculture 2019."},{"@type":"BreadcrumbList","@id":"https:\/\/leshuitresducaphorn.com\/les-huitres-du-cap-horn-doublement-medaillee-au-salon-international-de-lagriculture-2019\/#breadcrumb","itemListElement":[{"@type":"ListItem","position":1,"name":"Accueil","item":"https:\/\/leshuitresducaphorn.com\/"},{"@type":"ListItem","position":2,"name":"Les Hu\u00eetres du Cap Horn doublement m\u00e9daill\u00e9es au Salon International de l&rsquo;Agriculture 2019."}]},{"@type":"WebSite","@id":"https:\/\/leshuitresducaphorn.com\/#website","url":"https:\/\/leshuitresducaphorn.com\/","name":"Les Hu\u00eetres Du Cap Horn | Ostr\u00e9iculteur, Producteur, Exportateur d&#039;hu\u00eetres, en Vend\u00e9e","description":"Ostr\u00e9iculteur, Producteur, Exportateur d&#039;hu\u00eetres, en Vend\u00e9e","potentialAction":[{"@type":"SearchAction","target":{"@type":"EntryPoint","urlTemplate":"https:\/\/leshuitresducaphorn.com\/?s={search_term_string}"},"query-input":{"@type":"PropertyValueSpecification","valueRequired":true,"valueName":"search_term_string"}}],"inLanguage":"fr-FR"},{"@type":"Person","@id":"https:\/\/leshuitresducaphorn.com\/#\/schema\/person\/ff15660f0a690af9b7c7964bbed3a19b","name":"admin-leshuitresducaphorn","url":"https:\/\/leshuitresducaphorn.com\/author\/admin-leshuitresducaphorn\/"}]}},"_links":{"self":[{"href":"https:\/\/leshuitresducaphorn.com\/api\/wp\/v2\/posts\/485","targetHints":{"allow":["GET"]}}],"collection":[{"href":"https:\/\/leshuitresducaphorn.com\/api\/wp\/v2\/posts"}],"about":[{"href":"https:\/\/leshuitresducaphorn.com\/api\/wp\/v2\/types\/post"}],"author":[{"embeddable":true,"href":"https:\/\/leshuitresducaphorn.com\/api\/wp\/v2\/users\/1"}],"replies":[{"embeddable":true,"href":"https:\/\/leshuitresducaphorn.com\/api\/wp\/v2\/comments?post=485"}],"version-history":[{"count":14,"href":"https:\/\/leshuitresducaphorn.com\/api\/wp\/v2\/posts\/485\/revisions"}],"predecessor-version":[{"id":673,"href":"https:\/\/leshuitresducaphorn.com\/api\/wp\/v2\/posts\/485\/revisions\/673"}],"wp:featuredmedia":[{"embeddable":true,"href":"https:\/\/leshuitresducaphorn.com\/api\/wp\/v2\/media\/486"}],"wp:attachment":[{"href":"https:\/\/leshuitresducaphorn.com\/api\/wp\/v2\/media?parent=485"}],"wp:term":[{"taxonomy":"category","embeddable":true,"href":"https:\/\/leshuitresducaphorn.com\/api\/wp\/v2\/categories?post=485"},{"taxonomy":"post_tag","embeddable":true,"href":"https:\/\/leshuitresducaphorn.com\/api\/wp\/v2\/tags?post=485"}],"curies":[{"name":"wp","href":"https:\/\/api.w.org\/{rel}","templated":true}]}}